{"id":258,"date":"2022-02-23T18:04:09","date_gmt":"2022-02-23T18:04:09","guid":{"rendered":"https:\/\/academy.ecett.eu\/?p=258"},"modified":"2022-02-23T18:04:09","modified_gmt":"2022-02-23T18:04:09","slug":"course-1-la-communication-non-violente","status":"publish","type":"post","link":"https:\/\/academy.ecett.eu\/index.php\/2022\/02\/23\/course-1-la-communication-non-violente\/","title":{"rendered":"COURSE 1: La communication non-violente"},"content":{"rendered":"\n<figure class=\"wp-block-table is-style-stripes\"><table class=\"has-text-color\" style=\"color:#223161\"><tbody><tr><td><strong>Keywords:<\/strong><\/td><td>respect, gestion de conflits<\/td><\/tr><tr><td><strong>Languages:<\/strong><\/td><td>Fran\u00e7ais<\/td><\/tr><tr><td><strong>Methods:<\/strong><\/td><td>Pr\u00e9sentiel, visio-conf\u00e9rence<\/td><\/tr><tr><td><strong>Duration:<\/strong><\/td><td>6<\/td><\/tr><tr><td><strong>Area:<\/strong><\/td><td>Communication<\/td><\/tr><\/tbody><\/table><\/figure>\n\n\n\n<figure class=\"wp-block-image\"><img\/><\/figure>\n\n\n\n<p><strong>Prerequisites\n<\/strong><\/p>\n\n\n\n<p>aucun<\/p>\n\n\n\n<p><strong>\nObjectives<\/strong><\/p>\n\n\n\n<ul><li>O1 : donner des outils<\/li><li>O2: nnnnn<\/li><li>O3: nnnn<\/li><\/ul>\n\n\n\n<p><strong>\nSyllabus<\/strong><\/p>\n\n\n\n<ul><li>SY1<\/li><li>SY2<\/li><li>SY3<\/li><li>SY4<\/li><li>SY5<\/li><\/ul>\n\n\n\n<p><strong>Teachers<\/strong>: Natacha Delmotte<\/p>\n\n\n\n<figure class=\"wp-block-table is-style-stripes\"><table class=\"has-text-color\" style=\"color:#223161\"><tbody><tr><td>Integration with other modules<\/td><td><\/td><td><span style=\"color:#499f27\" class=\"has-inline-color\"><strong>Y<\/strong><\/span><\/td><\/tr><tr><td>E-learning support<\/td><td><\/td><td><span style=\"color:#499f27\" class=\"has-inline-color\"><strong>Y<\/strong><\/span><\/td><\/tr><tr><td>Available at distance<\/td><td><\/td><td><span style=\"color:#499f27\" class=\"has-inline-color\"><strong>Y<\/strong><\/span><\/td><\/tr><tr><td>Available in place<\/td><td><\/td><td><span style=\"color:#499f27\" class=\"has-inline-color\"><strong>Y<\/strong><\/span><\/td><\/tr><tr><td>Integrated with supervision<\/td><td><\/td><td>Y<\/td><\/tr><tr><td>Available in coaching mode<\/td><td><\/td><td>Y<\/td><\/tr><\/tbody><\/table><\/figure>\n\n\n\n<p><strong>Fees<\/strong>: <\/p>\n\n\n\n<p>Pr\u00e9sentiel: 600\u20ac la journ\u00e9e  &#8211; groupe de 15 \u00e0 20 personnes <\/p>\n\n\n\n<p>R\u00e9duction pour les membres ECETT- individuel<\/p>\n\n\n\n<p> Distanciel: 300\u20ac <\/p>\n","protected":false},"excerpt":{"rendered":"<p>Keywords: respect, gestion de conflits Languages: Fran\u00e7ais Methods: Pr\u00e9sentiel, visio-conf\u00e9rence Duration: 6 Area: Communication Prerequisites aucun Objectives O1 : donner des outils O2: nnnnn O3: nnnn Syllabus SY1 SY2 SY3 SY4 SY5 Teachers: Natacha Delmotte Integration with other modules Y E-learning support Y Available at distance Y Available in place Y Integrated with supervision Y&hellip; <a class=\"more-link\" href=\"https:\/\/academy.ecett.eu\/index.php\/2022\/02\/23\/course-1-la-communication-non-violente\/\">Continue reading <span class=\"screen-reader-text\">COURSE 1: La communication non-violente<\/span><\/a><\/p>\n","protected":false},"author":1,"featured_media":71,"comment_status":"open","ping_status":"open","sticky":false,"template":"","format":"standard","meta":[],"categories":[4],"tags":[],"_links":{"self":[{"href":"https:\/\/academy.ecett.eu\/index.php\/wp-json\/wp\/v2\/posts\/258"}],"collection":[{"href":"https:\/\/academy.ecett.eu\/index.php\/wp-json\/wp\/v2\/posts"}],"about":[{"href":"https:\/\/academy.ecett.eu\/index.php\/wp-json\/wp\/v2\/types\/post"}],"author":[{"embeddable":true,"href":"https:\/\/academy.ecett.eu\/index.php\/wp-json\/wp\/v2\/users\/1"}],"replies":[{"embeddable":true,"href":"https:\/\/academy.ecett.eu\/index.php\/wp-json\/wp\/v2\/comments?post=258"}],"version-history":[{"count":2,"href":"https:\/\/academy.ecett.eu\/index.php\/wp-json\/wp\/v2\/posts\/258\/revisions"}],"predecessor-version":[{"id":457,"href":"https:\/\/academy.ecett.eu\/index.php\/wp-json\/wp\/v2\/posts\/258\/revisions\/457"}],"wp:featuredmedia":[{"embeddable":true,"href":"https:\/\/academy.ecett.eu\/index.php\/wp-json\/wp\/v2\/media\/71"}],"wp:attachment":[{"href":"https:\/\/academy.ecett.eu\/index.php\/wp-json\/wp\/v2\/media?parent=258"}],"wp:term":[{"taxonomy":"category","embeddable":true,"href":"https:\/\/academy.ecett.eu\/index.php\/wp-json\/wp\/v2\/categories?post=258"},{"taxonomy":"post_tag","embeddable":true,"href":"https:\/\/academy.ecett.eu\/index.php\/wp-json\/wp\/v2\/tags?post=258"}],"curies":[{"name":"wp","href":"https:\/\/api.w.org\/{rel}","templated":true}]}}